{"id":1323,"date":"2015-06-22T08:00:26","date_gmt":"2015-06-22T06:00:26","guid":{"rendered":"http:\/\/anoverdetajo.es\/deporte\/?p=1323"},"modified":"2015-06-23T10:48:08","modified_gmt":"2015-06-23T08:48:08","slug":"vii-campeonato-de-futbol-7-2015","status":"publish","type":"post","link":"http:\/\/anoverdetajo.es\/deporte\/vii-campeonato-de-futbol-7-2015\/","title":{"rendered":"VII Campeonato de F\u00fatbol 7 \u2013 2015"},"content":{"rendered":"<p>Presentamos el VII Campeonato de Verano de F\u00fatbol 7 de A\u00f1over de Tajo que se celebrar\u00e1 del 10 de julio al 12 de agosto.<\/p>\n<p><!--more--><\/p>\n<p style=\"text-align: justify;\">Las inscripciones pueden tramitarse hasta el 8 de julio en pabell\u00f3n polideportivo. La cuota de inscripci\u00f3n es de 130 euros que deben entregarse junto a la solicitud de inscripci\u00f3n.<\/p>\n<p style=\"text-align: justify;\">M\u00e1ximo 16 equipos por riguroso orden de inscripci\u00f3n, donde es imprescindible cinco\u00a0empadronados en A\u00f1over por equipo. La edad m\u00ednima de participaci\u00f3n ser\u00e1 14 a\u00f1os.<\/p>\n<p style=\"text-align: justify;\">Descargar documentos:<\/p>\n<ul>\n<li><\/li>\n<li><\/li>\n<li><\/li>\n<li><\/li>\n<\/ul>\n<p>Puedes tramitar la inscripci\u00f3n en la oficina del Servicio de Deportes ubicada en el Pabell\u00f3n Polideportivo\u00a0en horario de 8:00 a 15:00, o en el correo electr\u00f3nicocoordinador@anoverdetajo.es<\/p>\n<p><a href=\"http:\/\/anoverdetajo.es\/deporte\/wp-content\/uploads\/2015\/06\/Cartel_Futbol7_2015.jpg\"><img loading=\"lazy\" class=\"aligncenter size-medium wp-image-1343\" src=\"http:\/\/anoverdetajo.es\/deporte\/wp-content\/uploads\/2015\/06\/Cartel_Futbol7_2015-212x300.jpg\" alt=\"Cartel_Futbol7_2015\" width=\"212\" height=\"300\" srcset=\"http:\/\/anoverdetajo.es\/deporte\/wp-content\/uploads\/2015\/06\/Cartel_Futbol7_2015-212x300.jpg 212w, http:\/\/anoverdetajo.es\/deporte\/wp-content\/uploads\/2015\/06\/Cartel_Futbol7_2015-724x1024.jpg 724w, http:\/\/anoverdetajo.es\/deporte\/wp-content\/uploads\/2015\/06\/Cartel_Futbol7_2015.jpg 842w\" sizes=\"(max-width: 212px) 100vw, 212px\" \/><\/a><\/p>\n","protected":false},"excerpt":{"rendered":"<p>Presentamos el VII Campeonato de Verano de F\u00fatbol 7 de A\u00f1over de Tajo que se celebrar\u00e1 del 10 de julio al 12 de agosto.<\/p>\n","protected":false},"author":2,"featured_media":1343,"comment_status":"open","ping_status":"open","sticky":false,"template":"","format":"standard","meta":[],"categories":[1,107],"tags":[45,29,5],"jetpack_featured_media_url":"http:\/\/anoverdetajo.es\/deporte\/wp-content\/uploads\/2015\/06\/Cartel_Futbol7_2015.jpg","_links":{"self":[{"href":"http:\/\/anoverdetajo.es\/deporte\/wp-json\/wp\/v2\/posts\/1323"}],"collection":[{"href":"http:\/\/anoverdetajo.es\/deporte\/wp-json\/wp\/v2\/posts"}],"about":[{"href":"http:\/\/anoverdetajo.es\/deporte\/wp-json\/wp\/v2\/types\/post"}],"author":[{"embeddable":true,"href":"http:\/\/anoverdetajo.es\/deporte\/wp-json\/wp\/v2\/users\/2"}],"replies":[{"embeddable":true,"href":"http:\/\/anoverdetajo.es\/deporte\/wp-json\/wp\/v2\/comments?post=1323"}],"version-history":[{"count":0,"href":"http:\/\/anoverdetajo.es\/deporte\/wp-json\/wp\/v2\/posts\/1323\/revisions"}],"wp:featuredmedia":[{"embeddable":true,"href":"http:\/\/anoverdetajo.es\/deporte\/wp-json\/wp\/v2\/media\/1343"}],"wp:attachment":[{"href":"http:\/\/anoverdetajo.es\/deporte\/wp-json\/wp\/v2\/media?parent=1323"}],"wp:term":[{"taxonomy":"category","embeddable":true,"href":"http:\/\/anoverdetajo.es\/deporte\/wp-json\/wp\/v2\/categories?post=1323"},{"taxonomy":"post_tag","embeddable":true,"href":"http:\/\/anoverdetajo.es\/deporte\/wp-json\/wp\/v2\/tags?post=1323"}],"curies":[{"name":"wp","href":"https:\/\/api.w.org\/{rel}","templated":true}]}}