{"id":131,"date":"2013-05-20T13:36:45","date_gmt":"2013-05-20T11:36:45","guid":{"rendered":"http:\/\/anoverdetajo.es\/deporte\/?p=131"},"modified":"2013-05-20T14:03:53","modified_gmt":"2013-05-20T12:03:53","slug":"plazas-libres-para-el-maraton-de-padel","status":"publish","type":"post","link":"http:\/\/anoverdetajo.es\/deporte\/plazas-libres-para-el-maraton-de-padel\/","title":{"rendered":"Cuatro plazas libres para el I Marat\u00f3n de P\u00e1del"},"content":{"rendered":"<p>Abierto el plazo de inscripci\u00f3n para I MARAT\u00d3N DE P\u00c1DEL \u00a0que tendr\u00e1 lugar el \u00a06 y 8 de junio en el cual quedan cuatro plazas libres.<\/p>\n<p><!--more--><\/p>\n<p>Te puedes inscribir en \u00a0I MARAT\u00d3N DE P\u00c1DEL\u00a0en la oficina del Servicio de Deportes ubicada en el Pabell\u00f3n Polideportivo\u00a0en horario de 8:00 a 15:00, en el tel\u00e9fono 685956897 o en el correo electr\u00f3nico coordinador@anoverdetajo.es<\/p>\n<p>El plazo \u00a0de inscripci\u00f3n finaliza el 24 de mayo.<\/p>\n<p>&nbsp;<\/p>\n<p>&nbsp;<\/p>\n","protected":false},"excerpt":{"rendered":"<p>Abierto el plazo de inscripci\u00f3n para I MARAT\u00d3N DE P\u00c1DEL \u00a0que tendr\u00e1 lugar el \u00a06 y 8 de junio en el cual quedan cuatro plazas libres.<\/p>\n","protected":false},"author":2,"featured_media":0,"comment_status":"open","ping_status":"open","sticky":false,"template":"","format":"standard","meta":[],"categories":[1],"tags":[23,22],"jetpack_featured_media_url":"","_links":{"self":[{"href":"http:\/\/anoverdetajo.es\/deporte\/wp-json\/wp\/v2\/posts\/131"}],"collection":[{"href":"http:\/\/anoverdetajo.es\/deporte\/wp-json\/wp\/v2\/posts"}],"about":[{"href":"http:\/\/anoverdetajo.es\/deporte\/wp-json\/wp\/v2\/types\/post"}],"author":[{"embeddable":true,"href":"http:\/\/anoverdetajo.es\/deporte\/wp-json\/wp\/v2\/users\/2"}],"replies":[{"embeddable":true,"href":"http:\/\/anoverdetajo.es\/deporte\/wp-json\/wp\/v2\/comments?post=131"}],"version-history":[{"count":0,"href":"http:\/\/anoverdetajo.es\/deporte\/wp-json\/wp\/v2\/posts\/131\/revisions"}],"wp:attachment":[{"href":"http:\/\/anoverdetajo.es\/deporte\/wp-json\/wp\/v2\/media?parent=131"}],"wp:term":[{"taxonomy":"category","embeddable":true,"href":"http:\/\/anoverdetajo.es\/deporte\/wp-json\/wp\/v2\/categories?post=131"},{"taxonomy":"post_tag","embeddable":true,"href":"http:\/\/anoverdetajo.es\/deporte\/wp-json\/wp\/v2\/tags?post=131"}],"curies":[{"name":"wp","href":"https:\/\/api.w.org\/{rel}","templated":true}]}}