{"id":1299,"date":"2015-06-02T10:33:50","date_gmt":"2015-06-02T08:33:50","guid":{"rendered":"http:\/\/anoverdetajo.es\/deporte\/?p=1299"},"modified":"2015-06-02T10:34:56","modified_gmt":"2015-06-02T08:34:56","slug":"cursillos-de-natacion-2015","status":"publish","type":"post","link":"http:\/\/anoverdetajo.es\/deporte\/cursillos-de-natacion-2015\/","title":{"rendered":"Cursillos de Nataci\u00f3n 2015"},"content":{"rendered":"<p style=\"text-align: justify;\">La Diputaci\u00f3n Provincial de Toledo, desde el \u00e1rea de deportes, con\u00a0colaboraci\u00f3n del Ayuntamiento de A\u00f1over de Tajo convocan la Campa\u00f1a de Nataci\u00f3n 2015.<\/p>\n<p style=\"text-align: justify;\"><!--more--><\/p>\n<p style=\"text-align: justify;\">LUGAR Y PLAZO DE INSCRIPCI\u00d3N<\/p>\n<ul style=\"text-align: justify;\">\n<li>En el Pabell\u00f3n Polideportivo de 9 a 14,00 horas.<\/li>\n<li>El plazo es del 5\u00a0al 19\u00a0de junio a las 14,00 horas, siempre que queden plazas libres.<\/li>\n<li>Los cursillos dar\u00e1n comienzo el 22 de junio.<\/li>\n<\/ul>\n<p style=\"text-align: justify;\">EDADES Y PRECIOS<\/p>\n<ul style=\"text-align: justify;\">\n<li>Iniciaci\u00f3n: nacidos en\u00a02010, 2011, 2012 (30,00\u20ac)<\/li>\n<li>Ense\u00f1anza y perfeccionamiento: nacidos del 1998 al 2009 (30,00\u20ac)<\/li>\n<li>Adultos: nacidos antes del 1998 al (36,00\u20ac)<\/li>\n<\/ul>\n<p style=\"text-align: justify;\">FORMA DE PAGO<\/p>\n<ul style=\"text-align: justify;\">\n<li>En Caja Rural de Toledo (concepto: nombre del alumno + curso nataci\u00f3n).<\/li>\n<\/ul>\n<p style=\"text-align: justify;\">N\u00daMERO M\u00c1XIMO DE ALUMNOS POR CURSILLO<\/p>\n<ul>\n<li style=\"text-align: justify;\">12 alumnos para los grupos de iniciaci\u00f3n.<\/li>\n<li style=\"text-align: justify;\">30 alumnos para ense\u00f1anza-perfeccionamiento.<\/li>\n<li style=\"text-align: justify;\">15 alumnos para el grupo de adultos (8 adultos m\u00ednimo)<\/li>\n<\/ul>\n<p><a href=\"http:\/\/anoverdetajo.es\/deporte\/wp-content\/uploads\/2014\/06\/Cartel_Natacion2014.jpg\"><img loading=\"lazy\" class=\"aligncenter size-medium wp-image-810\" src=\"http:\/\/anoverdetajo.es\/deporte\/wp-content\/uploads\/2014\/06\/Cartel_Natacion2014-300x212.jpg\" alt=\"Cartel_Natacion2014\" width=\"300\" height=\"212\" srcset=\"http:\/\/anoverdetajo.es\/deporte\/wp-content\/uploads\/2014\/06\/Cartel_Natacion2014-300x212.jpg 300w, http:\/\/anoverdetajo.es\/deporte\/wp-content\/uploads\/2014\/06\/Cartel_Natacion2014-1024x723.jpg 1024w, http:\/\/anoverdetajo.es\/deporte\/wp-content\/uploads\/2014\/06\/Cartel_Natacion2014-900x636.jpg 900w, http:\/\/anoverdetajo.es\/deporte\/wp-content\/uploads\/2014\/06\/Cartel_Natacion2014.jpg 1191w\" sizes=\"(max-width: 300px) 100vw, 300px\" \/><\/a><\/p>\n","protected":false},"excerpt":{"rendered":"<p>La Diputaci\u00f3n Provincial de Toledo, desde el \u00e1rea de deportes, con\u00a0colaboraci\u00f3n del Ayuntamiento de A\u00f1over de Tajo convocan la Campa\u00f1a de Nataci\u00f3n 2015.<\/p>\n","protected":false},"author":2,"featured_media":810,"comment_status":"open","ping_status":"open","sticky":false,"template":"","format":"standard","meta":[],"categories":[1,107],"tags":[115,11],"jetpack_featured_media_url":"http:\/\/anoverdetajo.es\/deporte\/wp-content\/uploads\/2014\/06\/Cartel_Natacion2014.jpg","_links":{"self":[{"href":"http:\/\/anoverdetajo.es\/deporte\/wp-json\/wp\/v2\/posts\/1299"}],"collection":[{"href":"http:\/\/anoverdetajo.es\/deporte\/wp-json\/wp\/v2\/posts"}],"about":[{"href":"http:\/\/anoverdetajo.es\/deporte\/wp-json\/wp\/v2\/types\/post"}],"author":[{"embeddable":true,"href":"http:\/\/anoverdetajo.es\/deporte\/wp-json\/wp\/v2\/users\/2"}],"replies":[{"embeddable":true,"href":"http:\/\/anoverdetajo.es\/deporte\/wp-json\/wp\/v2\/comments?post=1299"}],"version-history":[{"count":0,"href":"http:\/\/anoverdetajo.es\/deporte\/wp-json\/wp\/v2\/posts\/1299\/revisions"}],"wp:featuredmedia":[{"embeddable":true,"href":"http:\/\/anoverdetajo.es\/deporte\/wp-json\/wp\/v2\/media\/810"}],"wp:attachment":[{"href":"http:\/\/anoverdetajo.es\/deporte\/wp-json\/wp\/v2\/media?parent=1299"}],"wp:term":[{"taxonomy":"category","embeddable":true,"href":"http:\/\/anoverdetajo.es\/deporte\/wp-json\/wp\/v2\/categories?post=1299"},{"taxonomy":"post_tag","embeddable":true,"href":"http:\/\/anoverdetajo.es\/deporte\/wp-json\/wp\/v2\/tags?post=1299"}],"curies":[{"name":"wp","href":"https:\/\/api.w.org\/{rel}","templated":true}]}}