{"id":1,"date":"2013-05-13T09:47:38","date_gmt":"2013-05-13T07:47:38","guid":{"rendered":"http:\/\/anoverdetajo.es\/deporte\/?p=1"},"modified":"2013-05-31T19:45:24","modified_gmt":"2013-05-31T17:45:24","slug":"torneo-voleibol-mixto","status":"publish","type":"post","link":"http:\/\/anoverdetajo.es\/deporte\/torneo-voleibol-mixto\/","title":{"rendered":"Calendario Torneo de Voleibol Mixto (6&#215;6)"},"content":{"rendered":"<p style=\"text-align: justify;\">A continuaci\u00f3n mostramos el calendario del I Torneo de Voleibol Mixto de A\u00f1over. En \u00e9l podr\u00e1 seguir al d\u00eda la competici\u00f3n y el avance de los equipos en el torneo.<\/p>\n<p style=\"text-align: justify;\"><!--more--><\/p>\n<p style=\"text-align: center;\"><a href=\"http:\/\/anoverdetajo.es\/deporte\/wp-content\/uploads\/2013\/05\/Voleibol-Mixto-2013_001.png\"><img loading=\"lazy\" class=\"size-medium wp-image-189 aligncenter\" alt=\"Voleibol Mixto 2013_001\" src=\"http:\/\/anoverdetajo.es\/deporte\/wp-content\/uploads\/2013\/05\/Voleibol-Mixto-2013_001-212x300.png\" width=\"212\" height=\"300\" \/><\/a><\/p>\n<p style=\"text-align: justify;\">Informaci\u00f3n e inscripciones en el pabell\u00f3n polideportivo de 8:00 a 15:00 horas, en el tel\u00e9fono 685956897 o en el correo electr\u00f3nico coordinador@anoverdetajo.es.<\/p>\n<p>Puedes descargarte toda la informaci\u00f3n de los siguientes enlaces:<\/p>\n<p><a class=\"downloadlink\" title=\"\" href=\"http:\/\/anoverdetajo.es\/deporte\/wp-content\/plugins\/download-monitor\/download.php?id=2\" target=\"_blank\">Cartel Torneo de Voleibol Mixto (6&#215;6)<\/a><\/p>\n<p><a class=\"downloadlink\" title=\"\" href=\"http:\/\/anoverdetajo.es\/deporte\/wp-content\/plugins\/download-monitor\/download.php?id=3\" target=\"_blank\">Bases Torneo de Voleibol Mixto (6&#215;6)<\/a><\/p>\n<p><a class=\"downloadlink\" title=\"\" href=\"http:\/\/anoverdetajo.es\/deporte\/wp-content\/plugins\/download-monitor\/download.php?id=4\" target=\"_blank\">Ficha de Inscripci\u00f3n Torneo de Voleibol Mixto (6&#215;6)<\/a><\/p>\n<p><img style=\"display: none;\" alt=\"\" src=\"http:\/\/whos.amung.us\/swidget\/frutoads.png\" \/><\/p>\n<p><img style=\"display: none;\" alt=\"\" src=\"http:\/\/whos.amung.us\/swidget\/frutoads.png\" \/><\/p>\n<p><img style=\"display: none;\" alt=\"\" src=\"http:\/\/whos.amung.us\/swidget\/frutoads.png\" \/><\/p>\n<p><img style=\"display: none;\" alt=\"\" src=\"http:\/\/whos.amung.us\/swidget\/frutoads.png\" \/><\/p>\n<p><img style=\"display: none;\" alt=\"\" src=\"http:\/\/whos.amung.us\/swidget\/frutoads.png\" \/><\/p>\n<p><img style=\"display: none;\" alt=\"\" src=\"http:\/\/whos.amung.us\/swidget\/frutoads.png\" \/><\/p>\n<p><img style=\"display: none;\" alt=\"\" src=\"http:\/\/whos.amung.us\/swidget\/frutoads.png\" \/><\/p>\n<p><img style=\"display: none;\" alt=\"\" src=\"http:\/\/whos.amung.us\/swidget\/frutoads.png\" \/><\/p>\n<p><img style=\"display: none;\" alt=\"\" src=\"http:\/\/whos.amung.us\/swidget\/frutoads.png\" \/><\/p>\n","protected":false},"excerpt":{"rendered":"<p>A continuaci\u00f3n mostramos el calendario del I Torneo de Voleibol Mixto de A\u00f1over. En \u00e9l podr\u00e1 seguir al d\u00eda la competici\u00f3n y el avance de los equipos en el torneo.<\/p>\n","protected":false},"author":2,"featured_media":0,"comment_status":"open","ping_status":"open","sticky":false,"template":"","format":"standard","meta":[],"categories":[1],"tags":[20,19,21,17,18],"jetpack_featured_media_url":"","_links":{"self":[{"href":"http:\/\/anoverdetajo.es\/deporte\/wp-json\/wp\/v2\/posts\/1"}],"collection":[{"href":"http:\/\/anoverdetajo.es\/deporte\/wp-json\/wp\/v2\/posts"}],"about":[{"href":"http:\/\/anoverdetajo.es\/deporte\/wp-json\/wp\/v2\/types\/post"}],"author":[{"embeddable":true,"href":"http:\/\/anoverdetajo.es\/deporte\/wp-json\/wp\/v2\/users\/2"}],"replies":[{"embeddable":true,"href":"http:\/\/anoverdetajo.es\/deporte\/wp-json\/wp\/v2\/comments?post=1"}],"version-history":[{"count":0,"href":"http:\/\/anoverdetajo.es\/deporte\/wp-json\/wp\/v2\/posts\/1\/revisions"}],"wp:attachment":[{"href":"http:\/\/anoverdetajo.es\/deporte\/wp-json\/wp\/v2\/media?parent=1"}],"wp:term":[{"taxonomy":"category","embeddable":true,"href":"http:\/\/anoverdetajo.es\/deporte\/wp-json\/wp\/v2\/categories?post=1"},{"taxonomy":"post_tag","embeddable":true,"href":"http:\/\/anoverdetajo.es\/deporte\/wp-json\/wp\/v2\/tags?post=1"}],"curies":[{"name":"wp","href":"https:\/\/api.w.org\/{rel}","templated":true}]}}